{"id":162,"date":"2020-10-28T12:02:51","date_gmt":"2020-10-28T11:02:51","guid":{"rendered":"http:\/\/www.bsgsi.be\/?p=162"},"modified":"2020-10-28T12:02:51","modified_gmt":"2020-10-28T11:02:51","slug":"deuxieme-vague-de-coronavirus-quid-des-ag","status":"publish","type":"post","link":"https:\/\/www.bsgsi.be\/index.php\/2020\/10\/28\/deuxieme-vague-de-coronavirus-quid-des-ag\/","title":{"rendered":"Deuxi\u00e8me vague de Coronavirus : Quid des AG ?"},"content":{"rendered":"\n<p>Les assembl\u00e9es g\u00e9n\u00e9rales de (grands) immeubles d\u2019habitation peuvent rassembler de nombreuses personnes. En temps de coronavirus, c\u2019est tout sauf \u00e9vident. C\u2019est pourquoi le ministre de la Justice en place depuis le 1er octobre 2020, Vincent Van Quickenborne (Open VLD), a fait un certain nombre de propositions.<\/p>\n\n\n\n<p>&#8211; <strong>Les r\u00e9unions par visioconf\u00e9rence<\/strong><br>Une des propositions est qu\u2019il serait possible de tenir des r\u00e9unions digitales. Les personnes qui ne peuvent pas participer par visioconf\u00e9rence pourraient proposer un mandataire. Elles pourraient \u00e9galement participer physiquement, \u00e0 condition que les r\u00e8gles sanitaires soient respect\u00e9es.<\/p>\n\n\n\n<p>&#8211; <strong>Ajournement<\/strong><br>Si la r\u00e9union ne peut finalement pas avoir lieu, il pourrait y avoir la possibilit\u00e9 de la reporter. Les assembl\u00e9es g\u00e9n\u00e9rales pr\u00e9vues entre le 1er octobre 2020 et le 31 mars 2021 inclus pourraient \u00eatre report\u00e9es d\u2019un an. Si un ou plusieurs copropri\u00e9taires, qui ensemble d\u00e9tiennent au moins 1\/5e des parts des parties communes, demandent la tenue de l\u2019assembl\u00e9e g\u00e9n\u00e9rale, celle-ci doit avoir lieu.<\/p>\n\n\n\n<p>&#8211; <strong>R\u00e9solutions par \u00e9crit<\/strong><br>Le seuil d\u00e9cisionnel serait \u00e9galement abaiss\u00e9. Jusqu\u2019au 31 mars 2021, une d\u00e9cision pourrait \u00eatre prise \u00e0 une majorit\u00e9 d\u2019au moins 4\/5e des copropri\u00e9taires au lieu de l\u2019unanimit\u00e9.<\/p>\n\n\n\n<p>Ces propositions n&rsquo;\u00e9tant pas encore vot\u00e9es, elles restent au conditionnel \u00e0 ce jour.<\/p>\n\n\n\n<p>Information de l&rsquo;avocat Jan Roodhooft via <a href=\"https:\/\/immo.vlan.be\/fr\/actualite\/36137\/deuxieme-vague-de-coronavirus-quid-de-lassemblee-generale-des-coproprietaires\" target=\"_blank\" rel=\"noreferrer noopener\">ImmoVlan<\/a><\/p>\n","protected":false},"excerpt":{"rendered":"<p>Les assembl\u00e9es g\u00e9n\u00e9rales de (grands) immeubles d\u2019habitation peuvent rassembler de nombreuses personnes. En temps de coronavirus, c\u2019est tout sauf \u00e9vident. C\u2019est pourquoi le ministre de la Justice en place depuis le 1er octobre 2020, Vincent Van Quickenborne (Open VLD), a fait un certain nombre de propositions. &#8211; Les r\u00e9unions par visioconf\u00e9renceUne des propositions est qu\u2019il &hellip; <\/p>\n<p class=\"link-more\"><a href=\"https:\/\/www.bsgsi.be\/index.php\/2020\/10\/28\/deuxieme-vague-de-coronavirus-quid-des-ag\/\" class=\"more-link\">Continuer la lecture<span class=\"screen-reader-text\"> de &laquo;&nbsp;Deuxi\u00e8me vague de Coronavirus : Quid des AG ?&nbsp;&raquo;<\/span><\/a><\/p>\n","protected":false},"author":1,"featured_media":0,"comment_status":"open","ping_status":"open","sticky":false,"template":"","format":"standard","meta":{"footnotes":""},"categories":[1],"tags":[],"class_list":["post-162","post","type-post","status-publish","format-standard","hentry","category-non-classe"],"yoast_head":"<!-- This site is optimized with the Yoast SEO plugin v27.5 - https:\/\/yoast.com\/product\/yoast-seo-wordpress\/ -->\n<title>Deuxi\u00e8me vague de Coronavirus : Quid des AG ? - BSGSI<\/title>\n<meta name=\"robots\" content=\"index, follow, max-snippet:-1, max-image-preview:large, max-video-preview:-1\" \/>\n<link rel=\"canonical\" href=\"https:\/\/www.bsgsi.be\/index.php\/2020\/10\/28\/deuxieme-vague-de-coronavirus-quid-des-ag\/\" \/>\n<meta property=\"og:locale\" content=\"fr_FR\" \/>\n<meta property=\"og:type\" content=\"article\" \/>\n<meta property=\"og:title\" content=\"Deuxi\u00e8me vague de Coronavirus : Quid des AG ? - BSGSI\" \/>\n<meta property=\"og:description\" content=\"Les assembl\u00e9es g\u00e9n\u00e9rales de (grands) immeubles d\u2019habitation peuvent rassembler de nombreuses personnes. En temps de coronavirus, c\u2019est tout sauf \u00e9vident. C\u2019est pourquoi le ministre de la Justice en place depuis le 1er octobre 2020, Vincent Van Quickenborne (Open VLD), a fait un certain nombre de propositions. &#8211; Les r\u00e9unions par visioconf\u00e9renceUne des propositions est qu\u2019il &hellip; Continuer la lecture de &laquo;&nbsp;Deuxi\u00e8me vague de Coronavirus : Quid des AG ?&nbsp;&raquo;\" \/>\n<meta property=\"og:url\" content=\"https:\/\/www.bsgsi.be\/index.php\/2020\/10\/28\/deuxieme-vague-de-coronavirus-quid-des-ag\/\" \/>\n<meta property=\"og:site_name\" content=\"BSGSI\" \/>\n<meta property=\"article:published_time\" content=\"2020-10-28T11:02:51+00:00\" \/>\n<meta name=\"author\" content=\"bohyst\" \/>\n<meta name=\"twitter:card\" content=\"summary_large_image\" \/>\n<meta name=\"twitter:label1\" content=\"\u00c9crit par\" \/>\n\t<meta name=\"twitter:data1\" content=\"bohyst\" \/>\n\t<meta name=\"twitter:label2\" content=\"Dur\u00e9e de lecture estim\u00e9e\" \/>\n\t<meta name=\"twitter:data2\" content=\"1 minute\" \/>\n<script type=\"application\/ld+json\" class=\"yoast-schema-graph\">{\"@context\":\"https:\\\/\\\/schema.org\",\"@graph\":[{\"@type\":\"Article\",\"@id\":\"https:\\\/\\\/www.bsgsi.be\\\/index.php\\\/2020\\\/10\\\/28\\\/deuxieme-vague-de-coronavirus-quid-des-ag\\\/#article\",\"isPartOf\":{\"@id\":\"https:\\\/\\\/www.bsgsi.be\\\/index.php\\\/2020\\\/10\\\/28\\\/deuxieme-vague-de-coronavirus-quid-des-ag\\\/\"},\"author\":{\"name\":\"bohyst\",\"@id\":\"https:\\\/\\\/www.bsgsi.be\\\/#\\\/schema\\\/person\\\/cb2d36bfc56b404e23265b0d3d9f4532\"},\"headline\":\"Deuxi\u00e8me vague de Coronavirus : Quid des AG ?\",\"datePublished\":\"2020-10-28T11:02:51+00:00\",\"mainEntityOfPage\":{\"@id\":\"https:\\\/\\\/www.bsgsi.be\\\/index.php\\\/2020\\\/10\\\/28\\\/deuxieme-vague-de-coronavirus-quid-des-ag\\\/\"},\"wordCount\":241,\"commentCount\":0,\"publisher\":{\"@id\":\"https:\\\/\\\/www.bsgsi.be\\\/#organization\"},\"inLanguage\":\"fr-FR\",\"potentialAction\":[{\"@type\":\"CommentAction\",\"name\":\"Comment\",\"target\":[\"https:\\\/\\\/www.bsgsi.be\\\/index.php\\\/2020\\\/10\\\/28\\\/deuxieme-vague-de-coronavirus-quid-des-ag\\\/#respond\"]}]},{\"@type\":\"WebPage\",\"@id\":\"https:\\\/\\\/www.bsgsi.be\\\/index.php\\\/2020\\\/10\\\/28\\\/deuxieme-vague-de-coronavirus-quid-des-ag\\\/\",\"url\":\"https:\\\/\\\/www.bsgsi.be\\\/index.php\\\/2020\\\/10\\\/28\\\/deuxieme-vague-de-coronavirus-quid-des-ag\\\/\",\"name\":\"Deuxi\u00e8me vague de Coronavirus : Quid des AG ? - BSGSI\",\"isPartOf\":{\"@id\":\"https:\\\/\\\/www.bsgsi.be\\\/#website\"},\"datePublished\":\"2020-10-28T11:02:51+00:00\",\"breadcrumb\":{\"@id\":\"https:\\\/\\\/www.bsgsi.be\\\/index.php\\\/2020\\\/10\\\/28\\\/deuxieme-vague-de-coronavirus-quid-des-ag\\\/#breadcrumb\"},\"inLanguage\":\"fr-FR\",\"potentialAction\":[{\"@type\":\"ReadAction\",\"target\":[\"https:\\\/\\\/www.bsgsi.be\\\/index.php\\\/2020\\\/10\\\/28\\\/deuxieme-vague-de-coronavirus-quid-des-ag\\\/\"]}]},{\"@type\":\"BreadcrumbList\",\"@id\":\"https:\\\/\\\/www.bsgsi.be\\\/index.php\\\/2020\\\/10\\\/28\\\/deuxieme-vague-de-coronavirus-quid-des-ag\\\/#breadcrumb\",\"itemListElement\":[{\"@type\":\"ListItem\",\"position\":1,\"name\":\"Accueil\",\"item\":\"https:\\\/\\\/www.bsgsi.be\\\/\"},{\"@type\":\"ListItem\",\"position\":2,\"name\":\"Deuxi\u00e8me vague de Coronavirus : Quid des AG ?\"}]},{\"@type\":\"WebSite\",\"@id\":\"https:\\\/\\\/www.bsgsi.be\\\/#website\",\"url\":\"https:\\\/\\\/www.bsgsi.be\\\/\",\"name\":\"BSGSI\",\"description\":\"BS Gestion et Syndic Immobilier (Charleroi \\\/ Hainaut)\",\"publisher\":{\"@id\":\"https:\\\/\\\/www.bsgsi.be\\\/#organization\"},\"potentialAction\":[{\"@type\":\"SearchAction\",\"target\":{\"@type\":\"EntryPoint\",\"urlTemplate\":\"https:\\\/\\\/www.bsgsi.be\\\/?s={search_term_string}\"},\"query-input\":{\"@type\":\"PropertyValueSpecification\",\"valueRequired\":true,\"valueName\":\"search_term_string\"}}],\"inLanguage\":\"fr-FR\"},{\"@type\":\"Organization\",\"@id\":\"https:\\\/\\\/www.bsgsi.be\\\/#organization\",\"name\":\"BSGSI\",\"url\":\"https:\\\/\\\/www.bsgsi.be\\\/\",\"logo\":{\"@type\":\"ImageObject\",\"inLanguage\":\"fr-FR\",\"@id\":\"https:\\\/\\\/www.bsgsi.be\\\/#\\\/schema\\\/logo\\\/image\\\/\",\"url\":\"\",\"contentUrl\":\"\",\"caption\":\"BSGSI\"},\"image\":{\"@id\":\"https:\\\/\\\/www.bsgsi.be\\\/#\\\/schema\\\/logo\\\/image\\\/\"}},{\"@type\":\"Person\",\"@id\":\"https:\\\/\\\/www.bsgsi.be\\\/#\\\/schema\\\/person\\\/cb2d36bfc56b404e23265b0d3d9f4532\",\"name\":\"bohyst\",\"image\":{\"@type\":\"ImageObject\",\"inLanguage\":\"fr-FR\",\"@id\":\"https:\\\/\\\/secure.gravatar.com\\\/avatar\\\/17793df2f7528a9ea771488852c91245f037ee2fbf5d5caf8b6866fcac075373?s=96&d=mm&r=g\",\"url\":\"https:\\\/\\\/secure.gravatar.com\\\/avatar\\\/17793df2f7528a9ea771488852c91245f037ee2fbf5d5caf8b6866fcac075373?s=96&d=mm&r=g\",\"contentUrl\":\"https:\\\/\\\/secure.gravatar.com\\\/avatar\\\/17793df2f7528a9ea771488852c91245f037ee2fbf5d5caf8b6866fcac075373?s=96&d=mm&r=g\",\"caption\":\"bohyst\"}}]}<\/script>\n<!-- \/ Yoast SEO plugin. -->","yoast_head_json":{"title":"Deuxi\u00e8me vague de Coronavirus : Quid des AG ? - BSGSI","robots":{"index":"index","follow":"follow","max-snippet":"max-snippet:-1","max-image-preview":"max-image-preview:large","max-video-preview":"max-video-preview:-1"},"canonical":"https:\/\/www.bsgsi.be\/index.php\/2020\/10\/28\/deuxieme-vague-de-coronavirus-quid-des-ag\/","og_locale":"fr_FR","og_type":"article","og_title":"Deuxi\u00e8me vague de Coronavirus : Quid des AG ? - BSGSI","og_description":"Les assembl\u00e9es g\u00e9n\u00e9rales de (grands) immeubles d\u2019habitation peuvent rassembler de nombreuses personnes. En temps de coronavirus, c\u2019est tout sauf \u00e9vident. C\u2019est pourquoi le ministre de la Justice en place depuis le 1er octobre 2020, Vincent Van Quickenborne (Open VLD), a fait un certain nombre de propositions. &#8211; Les r\u00e9unions par visioconf\u00e9renceUne des propositions est qu\u2019il &hellip; Continuer la lecture de &laquo;&nbsp;Deuxi\u00e8me vague de Coronavirus : Quid des AG ?&nbsp;&raquo;","og_url":"https:\/\/www.bsgsi.be\/index.php\/2020\/10\/28\/deuxieme-vague-de-coronavirus-quid-des-ag\/","og_site_name":"BSGSI","article_published_time":"2020-10-28T11:02:51+00:00","author":"bohyst","twitter_card":"summary_large_image","twitter_misc":{"\u00c9crit par":"bohyst","Dur\u00e9e de lecture estim\u00e9e":"1 minute"},"schema":{"@context":"https:\/\/schema.org","@graph":[{"@type":"Article","@id":"https:\/\/www.bsgsi.be\/index.php\/2020\/10\/28\/deuxieme-vague-de-coronavirus-quid-des-ag\/#article","isPartOf":{"@id":"https:\/\/www.bsgsi.be\/index.php\/2020\/10\/28\/deuxieme-vague-de-coronavirus-quid-des-ag\/"},"author":{"name":"bohyst","@id":"https:\/\/www.bsgsi.be\/#\/schema\/person\/cb2d36bfc56b404e23265b0d3d9f4532"},"headline":"Deuxi\u00e8me vague de Coronavirus : Quid des AG ?","datePublished":"2020-10-28T11:02:51+00:00","mainEntityOfPage":{"@id":"https:\/\/www.bsgsi.be\/index.php\/2020\/10\/28\/deuxieme-vague-de-coronavirus-quid-des-ag\/"},"wordCount":241,"commentCount":0,"publisher":{"@id":"https:\/\/www.bsgsi.be\/#organization"},"inLanguage":"fr-FR","potentialAction":[{"@type":"CommentAction","name":"Comment","target":["https:\/\/www.bsgsi.be\/index.php\/2020\/10\/28\/deuxieme-vague-de-coronavirus-quid-des-ag\/#respond"]}]},{"@type":"WebPage","@id":"https:\/\/www.bsgsi.be\/index.php\/2020\/10\/28\/deuxieme-vague-de-coronavirus-quid-des-ag\/","url":"https:\/\/www.bsgsi.be\/index.php\/2020\/10\/28\/deuxieme-vague-de-coronavirus-quid-des-ag\/","name":"Deuxi\u00e8me vague de Coronavirus : Quid des AG ? - BSGSI","isPartOf":{"@id":"https:\/\/www.bsgsi.be\/#website"},"datePublished":"2020-10-28T11:02:51+00:00","breadcrumb":{"@id":"https:\/\/www.bsgsi.be\/index.php\/2020\/10\/28\/deuxieme-vague-de-coronavirus-quid-des-ag\/#breadcrumb"},"inLanguage":"fr-FR","potentialAction":[{"@type":"ReadAction","target":["https:\/\/www.bsgsi.be\/index.php\/2020\/10\/28\/deuxieme-vague-de-coronavirus-quid-des-ag\/"]}]},{"@type":"BreadcrumbList","@id":"https:\/\/www.bsgsi.be\/index.php\/2020\/10\/28\/deuxieme-vague-de-coronavirus-quid-des-ag\/#breadcrumb","itemListElement":[{"@type":"ListItem","position":1,"name":"Accueil","item":"https:\/\/www.bsgsi.be\/"},{"@type":"ListItem","position":2,"name":"Deuxi\u00e8me vague de Coronavirus : Quid des AG ?"}]},{"@type":"WebSite","@id":"https:\/\/www.bsgsi.be\/#website","url":"https:\/\/www.bsgsi.be\/","name":"BSGSI","description":"BS Gestion et Syndic Immobilier (Charleroi \/ Hainaut)","publisher":{"@id":"https:\/\/www.bsgsi.be\/#organization"},"potentialAction":[{"@type":"SearchAction","target":{"@type":"EntryPoint","urlTemplate":"https:\/\/www.bsgsi.be\/?s={search_term_string}"},"query-input":{"@type":"PropertyValueSpecification","valueRequired":true,"valueName":"search_term_string"}}],"inLanguage":"fr-FR"},{"@type":"Organization","@id":"https:\/\/www.bsgsi.be\/#organization","name":"BSGSI","url":"https:\/\/www.bsgsi.be\/","logo":{"@type":"ImageObject","inLanguage":"fr-FR","@id":"https:\/\/www.bsgsi.be\/#\/schema\/logo\/image\/","url":"","contentUrl":"","caption":"BSGSI"},"image":{"@id":"https:\/\/www.bsgsi.be\/#\/schema\/logo\/image\/"}},{"@type":"Person","@id":"https:\/\/www.bsgsi.be\/#\/schema\/person\/cb2d36bfc56b404e23265b0d3d9f4532","name":"bohyst","image":{"@type":"ImageObject","inLanguage":"fr-FR","@id":"https:\/\/secure.gravatar.com\/avatar\/17793df2f7528a9ea771488852c91245f037ee2fbf5d5caf8b6866fcac075373?s=96&d=mm&r=g","url":"https:\/\/secure.gravatar.com\/avatar\/17793df2f7528a9ea771488852c91245f037ee2fbf5d5caf8b6866fcac075373?s=96&d=mm&r=g","contentUrl":"https:\/\/secure.gravatar.com\/avatar\/17793df2f7528a9ea771488852c91245f037ee2fbf5d5caf8b6866fcac075373?s=96&d=mm&r=g","caption":"bohyst"}}]}},"_links":{"self":[{"href":"https:\/\/www.bsgsi.be\/index.php\/wp-json\/wp\/v2\/posts\/162","targetHints":{"allow":["GET"]}}],"collection":[{"href":"https:\/\/www.bsgsi.be\/index.php\/wp-json\/wp\/v2\/posts"}],"about":[{"href":"https:\/\/www.bsgsi.be\/index.php\/wp-json\/wp\/v2\/types\/post"}],"author":[{"embeddable":true,"href":"https:\/\/www.bsgsi.be\/index.php\/wp-json\/wp\/v2\/users\/1"}],"replies":[{"embeddable":true,"href":"https:\/\/www.bsgsi.be\/index.php\/wp-json\/wp\/v2\/comments?post=162"}],"version-history":[{"count":1,"href":"https:\/\/www.bsgsi.be\/index.php\/wp-json\/wp\/v2\/posts\/162\/revisions"}],"predecessor-version":[{"id":163,"href":"https:\/\/www.bsgsi.be\/index.php\/wp-json\/wp\/v2\/posts\/162\/revisions\/163"}],"wp:attachment":[{"href":"https:\/\/www.bsgsi.be\/index.php\/wp-json\/wp\/v2\/media?parent=162"}],"wp:term":[{"taxonomy":"category","embeddable":true,"href":"https:\/\/www.bsgsi.be\/index.php\/wp-json\/wp\/v2\/categories?post=162"},{"taxonomy":"post_tag","embeddable":true,"href":"https:\/\/www.bsgsi.be\/index.php\/wp-json\/wp\/v2\/tags?post=162"}],"curies":[{"name":"wp","href":"https:\/\/api.w.org\/{rel}","templated":true}]}}