{"id":224,"date":"2021-10-26T13:45:37","date_gmt":"2021-10-26T11:45:37","guid":{"rendered":"http:\/\/www.bsgsi.be\/?p=224"},"modified":"2021-10-26T13:45:38","modified_gmt":"2021-10-26T11:45:38","slug":"immobilier-la-flambee-va-t-elle-se-calmer","status":"publish","type":"post","link":"https:\/\/www.bsgsi.be\/index.php\/2021\/10\/26\/immobilier-la-flambee-va-t-elle-se-calmer\/","title":{"rendered":"Immobilier : la flamb\u00e9e va-t-elle se calmer ?"},"content":{"rendered":"\n<p>Le march\u00e9 est fr\u00e9n\u00e9tique : durant les 9 premiers mois de cette ann\u00e9e 2021, les transactions furent en hausse de 20 % par rapport \u00e0 2020. Et m\u00eame de 16 % par rapport \u00e0 2019, une ann\u00e9e \u00ab hors Covid \u00bb. Le march\u00e9 va-t-il longtemps continuer sur sa lanc\u00e9e ?<\/p>\n\n\n\n<p>A lire sur Immovlan : <a href=\"https:\/\/immo.vlan.be\/fr\/actualite\/42663\/immobilier-la-flambee-va-t-elle-se-calmer\">https:\/\/immo.vlan.be\/fr\/actualite\/42663\/immobilier-la-flambee-va-t-elle-se-calmer<\/a><\/p>\n","protected":false},"excerpt":{"rendered":"<p>Le march\u00e9 est fr\u00e9n\u00e9tique : durant les 9 premiers mois de cette ann\u00e9e 2021, les transactions furent en hausse de 20 % par rapport \u00e0 2020. Et m\u00eame de 16 % par rapport \u00e0 2019, une ann\u00e9e \u00ab hors Covid \u00bb. Le march\u00e9 va-t-il longtemps continuer sur sa lanc\u00e9e ? A lire sur Immovlan : &hellip; <\/p>\n<p class=\"link-more\"><a href=\"https:\/\/www.bsgsi.be\/index.php\/2021\/10\/26\/immobilier-la-flambee-va-t-elle-se-calmer\/\" class=\"more-link\">Continuer la lecture<span class=\"screen-reader-text\"> de &laquo;&nbsp;Immobilier : la flamb\u00e9e va-t-elle se calmer ?&nbsp;&raquo;<\/span><\/a><\/p>\n","protected":false},"author":1,"featured_media":0,"comment_status":"open","ping_status":"open","sticky":false,"template":"","format":"standard","meta":{"footnotes":""},"categories":[1],"tags":[],"class_list":["post-224","post","type-post","status-publish","format-standard","hentry","category-non-classe"],"yoast_head":"<!-- This site is optimized with the Yoast SEO plugin v27.5 - https:\/\/yoast.com\/product\/yoast-seo-wordpress\/ -->\n<title>Immobilier : la flamb\u00e9e va-t-elle se calmer ? - BSGSI<\/title>\n<meta name=\"robots\" content=\"index, follow, max-snippet:-1, max-image-preview:large, max-video-preview:-1\" \/>\n<link rel=\"canonical\" href=\"https:\/\/www.bsgsi.be\/index.php\/2021\/10\/26\/immobilier-la-flambee-va-t-elle-se-calmer\/\" \/>\n<meta property=\"og:locale\" content=\"fr_FR\" \/>\n<meta property=\"og:type\" content=\"article\" \/>\n<meta property=\"og:title\" content=\"Immobilier : la flamb\u00e9e va-t-elle se calmer ? - BSGSI\" \/>\n<meta property=\"og:description\" content=\"Le march\u00e9 est fr\u00e9n\u00e9tique : durant les 9 premiers mois de cette ann\u00e9e 2021, les transactions furent en hausse de 20 % par rapport \u00e0 2020. Et m\u00eame de 16 % par rapport \u00e0 2019, une ann\u00e9e \u00ab hors Covid \u00bb. Le march\u00e9 va-t-il longtemps continuer sur sa lanc\u00e9e ? A lire sur Immovlan : &hellip; Continuer la lecture de &laquo;&nbsp;Immobilier : la flamb\u00e9e va-t-elle se calmer ?&nbsp;&raquo;\" \/>\n<meta property=\"og:url\" content=\"https:\/\/www.bsgsi.be\/index.php\/2021\/10\/26\/immobilier-la-flambee-va-t-elle-se-calmer\/\" \/>\n<meta property=\"og:site_name\" content=\"BSGSI\" \/>\n<meta property=\"article:published_time\" content=\"2021-10-26T11:45:37+00:00\" \/>\n<meta property=\"article:modified_time\" content=\"2021-10-26T11:45:38+00:00\" \/>\n<meta name=\"author\" content=\"bohyst\" \/>\n<meta name=\"twitter:card\" content=\"summary_large_image\" \/>\n<meta name=\"twitter:label1\" content=\"\u00c9crit par\" \/>\n\t<meta name=\"twitter:data1\" content=\"bohyst\" \/>\n\t<meta name=\"twitter:label2\" content=\"Dur\u00e9e de lecture estim\u00e9e\" \/>\n\t<meta name=\"twitter:data2\" content=\"1 minute\" \/>\n<script type=\"application\/ld+json\" class=\"yoast-schema-graph\">{\"@context\":\"https:\\\/\\\/schema.org\",\"@graph\":[{\"@type\":\"Article\",\"@id\":\"https:\\\/\\\/www.bsgsi.be\\\/index.php\\\/2021\\\/10\\\/26\\\/immobilier-la-flambee-va-t-elle-se-calmer\\\/#article\",\"isPartOf\":{\"@id\":\"https:\\\/\\\/www.bsgsi.be\\\/index.php\\\/2021\\\/10\\\/26\\\/immobilier-la-flambee-va-t-elle-se-calmer\\\/\"},\"author\":{\"name\":\"bohyst\",\"@id\":\"https:\\\/\\\/www.bsgsi.be\\\/#\\\/schema\\\/person\\\/cb2d36bfc56b404e23265b0d3d9f4532\"},\"headline\":\"Immobilier : la flamb\u00e9e va-t-elle se calmer ?\",\"datePublished\":\"2021-10-26T11:45:37+00:00\",\"dateModified\":\"2021-10-26T11:45:38+00:00\",\"mainEntityOfPage\":{\"@id\":\"https:\\\/\\\/www.bsgsi.be\\\/index.php\\\/2021\\\/10\\\/26\\\/immobilier-la-flambee-va-t-elle-se-calmer\\\/\"},\"wordCount\":60,\"commentCount\":0,\"publisher\":{\"@id\":\"https:\\\/\\\/www.bsgsi.be\\\/#organization\"},\"inLanguage\":\"fr-FR\",\"potentialAction\":[{\"@type\":\"CommentAction\",\"name\":\"Comment\",\"target\":[\"https:\\\/\\\/www.bsgsi.be\\\/index.php\\\/2021\\\/10\\\/26\\\/immobilier-la-flambee-va-t-elle-se-calmer\\\/#respond\"]}]},{\"@type\":\"WebPage\",\"@id\":\"https:\\\/\\\/www.bsgsi.be\\\/index.php\\\/2021\\\/10\\\/26\\\/immobilier-la-flambee-va-t-elle-se-calmer\\\/\",\"url\":\"https:\\\/\\\/www.bsgsi.be\\\/index.php\\\/2021\\\/10\\\/26\\\/immobilier-la-flambee-va-t-elle-se-calmer\\\/\",\"name\":\"Immobilier : la flamb\u00e9e va-t-elle se calmer ? - BSGSI\",\"isPartOf\":{\"@id\":\"https:\\\/\\\/www.bsgsi.be\\\/#website\"},\"datePublished\":\"2021-10-26T11:45:37+00:00\",\"dateModified\":\"2021-10-26T11:45:38+00:00\",\"breadcrumb\":{\"@id\":\"https:\\\/\\\/www.bsgsi.be\\\/index.php\\\/2021\\\/10\\\/26\\\/immobilier-la-flambee-va-t-elle-se-calmer\\\/#breadcrumb\"},\"inLanguage\":\"fr-FR\",\"potentialAction\":[{\"@type\":\"ReadAction\",\"target\":[\"https:\\\/\\\/www.bsgsi.be\\\/index.php\\\/2021\\\/10\\\/26\\\/immobilier-la-flambee-va-t-elle-se-calmer\\\/\"]}]},{\"@type\":\"BreadcrumbList\",\"@id\":\"https:\\\/\\\/www.bsgsi.be\\\/index.php\\\/2021\\\/10\\\/26\\\/immobilier-la-flambee-va-t-elle-se-calmer\\\/#breadcrumb\",\"itemListElement\":[{\"@type\":\"ListItem\",\"position\":1,\"name\":\"Accueil\",\"item\":\"https:\\\/\\\/www.bsgsi.be\\\/\"},{\"@type\":\"ListItem\",\"position\":2,\"name\":\"Immobilier : la flamb\u00e9e va-t-elle se calmer ?\"}]},{\"@type\":\"WebSite\",\"@id\":\"https:\\\/\\\/www.bsgsi.be\\\/#website\",\"url\":\"https:\\\/\\\/www.bsgsi.be\\\/\",\"name\":\"BSGSI\",\"description\":\"BS Gestion et Syndic Immobilier (Charleroi \\\/ Hainaut)\",\"publisher\":{\"@id\":\"https:\\\/\\\/www.bsgsi.be\\\/#organization\"},\"potentialAction\":[{\"@type\":\"SearchAction\",\"target\":{\"@type\":\"EntryPoint\",\"urlTemplate\":\"https:\\\/\\\/www.bsgsi.be\\\/?s={search_term_string}\"},\"query-input\":{\"@type\":\"PropertyValueSpecification\",\"valueRequired\":true,\"valueName\":\"search_term_string\"}}],\"inLanguage\":\"fr-FR\"},{\"@type\":\"Organization\",\"@id\":\"https:\\\/\\\/www.bsgsi.be\\\/#organization\",\"name\":\"BSGSI\",\"url\":\"https:\\\/\\\/www.bsgsi.be\\\/\",\"logo\":{\"@type\":\"ImageObject\",\"inLanguage\":\"fr-FR\",\"@id\":\"https:\\\/\\\/www.bsgsi.be\\\/#\\\/schema\\\/logo\\\/image\\\/\",\"url\":\"\",\"contentUrl\":\"\",\"caption\":\"BSGSI\"},\"image\":{\"@id\":\"https:\\\/\\\/www.bsgsi.be\\\/#\\\/schema\\\/logo\\\/image\\\/\"}},{\"@type\":\"Person\",\"@id\":\"https:\\\/\\\/www.bsgsi.be\\\/#\\\/schema\\\/person\\\/cb2d36bfc56b404e23265b0d3d9f4532\",\"name\":\"bohyst\",\"image\":{\"@type\":\"ImageObject\",\"inLanguage\":\"fr-FR\",\"@id\":\"https:\\\/\\\/secure.gravatar.com\\\/avatar\\\/17793df2f7528a9ea771488852c91245f037ee2fbf5d5caf8b6866fcac075373?s=96&d=mm&r=g\",\"url\":\"https:\\\/\\\/secure.gravatar.com\\\/avatar\\\/17793df2f7528a9ea771488852c91245f037ee2fbf5d5caf8b6866fcac075373?s=96&d=mm&r=g\",\"contentUrl\":\"https:\\\/\\\/secure.gravatar.com\\\/avatar\\\/17793df2f7528a9ea771488852c91245f037ee2fbf5d5caf8b6866fcac075373?s=96&d=mm&r=g\",\"caption\":\"bohyst\"}}]}<\/script>\n<!-- \/ Yoast SEO plugin. -->","yoast_head_json":{"title":"Immobilier : la flamb\u00e9e va-t-elle se calmer ? - BSGSI","robots":{"index":"index","follow":"follow","max-snippet":"max-snippet:-1","max-image-preview":"max-image-preview:large","max-video-preview":"max-video-preview:-1"},"canonical":"https:\/\/www.bsgsi.be\/index.php\/2021\/10\/26\/immobilier-la-flambee-va-t-elle-se-calmer\/","og_locale":"fr_FR","og_type":"article","og_title":"Immobilier : la flamb\u00e9e va-t-elle se calmer ? - BSGSI","og_description":"Le march\u00e9 est fr\u00e9n\u00e9tique : durant les 9 premiers mois de cette ann\u00e9e 2021, les transactions furent en hausse de 20 % par rapport \u00e0 2020. Et m\u00eame de 16 % par rapport \u00e0 2019, une ann\u00e9e \u00ab hors Covid \u00bb. Le march\u00e9 va-t-il longtemps continuer sur sa lanc\u00e9e ? A lire sur Immovlan : &hellip; Continuer la lecture de &laquo;&nbsp;Immobilier : la flamb\u00e9e va-t-elle se calmer ?&nbsp;&raquo;","og_url":"https:\/\/www.bsgsi.be\/index.php\/2021\/10\/26\/immobilier-la-flambee-va-t-elle-se-calmer\/","og_site_name":"BSGSI","article_published_time":"2021-10-26T11:45:37+00:00","article_modified_time":"2021-10-26T11:45:38+00:00","author":"bohyst","twitter_card":"summary_large_image","twitter_misc":{"\u00c9crit par":"bohyst","Dur\u00e9e de lecture estim\u00e9e":"1 minute"},"schema":{"@context":"https:\/\/schema.org","@graph":[{"@type":"Article","@id":"https:\/\/www.bsgsi.be\/index.php\/2021\/10\/26\/immobilier-la-flambee-va-t-elle-se-calmer\/#article","isPartOf":{"@id":"https:\/\/www.bsgsi.be\/index.php\/2021\/10\/26\/immobilier-la-flambee-va-t-elle-se-calmer\/"},"author":{"name":"bohyst","@id":"https:\/\/www.bsgsi.be\/#\/schema\/person\/cb2d36bfc56b404e23265b0d3d9f4532"},"headline":"Immobilier : la flamb\u00e9e va-t-elle se calmer ?","datePublished":"2021-10-26T11:45:37+00:00","dateModified":"2021-10-26T11:45:38+00:00","mainEntityOfPage":{"@id":"https:\/\/www.bsgsi.be\/index.php\/2021\/10\/26\/immobilier-la-flambee-va-t-elle-se-calmer\/"},"wordCount":60,"commentCount":0,"publisher":{"@id":"https:\/\/www.bsgsi.be\/#organization"},"inLanguage":"fr-FR","potentialAction":[{"@type":"CommentAction","name":"Comment","target":["https:\/\/www.bsgsi.be\/index.php\/2021\/10\/26\/immobilier-la-flambee-va-t-elle-se-calmer\/#respond"]}]},{"@type":"WebPage","@id":"https:\/\/www.bsgsi.be\/index.php\/2021\/10\/26\/immobilier-la-flambee-va-t-elle-se-calmer\/","url":"https:\/\/www.bsgsi.be\/index.php\/2021\/10\/26\/immobilier-la-flambee-va-t-elle-se-calmer\/","name":"Immobilier : la flamb\u00e9e va-t-elle se calmer ? - BSGSI","isPartOf":{"@id":"https:\/\/www.bsgsi.be\/#website"},"datePublished":"2021-10-26T11:45:37+00:00","dateModified":"2021-10-26T11:45:38+00:00","breadcrumb":{"@id":"https:\/\/www.bsgsi.be\/index.php\/2021\/10\/26\/immobilier-la-flambee-va-t-elle-se-calmer\/#breadcrumb"},"inLanguage":"fr-FR","potentialAction":[{"@type":"ReadAction","target":["https:\/\/www.bsgsi.be\/index.php\/2021\/10\/26\/immobilier-la-flambee-va-t-elle-se-calmer\/"]}]},{"@type":"BreadcrumbList","@id":"https:\/\/www.bsgsi.be\/index.php\/2021\/10\/26\/immobilier-la-flambee-va-t-elle-se-calmer\/#breadcrumb","itemListElement":[{"@type":"ListItem","position":1,"name":"Accueil","item":"https:\/\/www.bsgsi.be\/"},{"@type":"ListItem","position":2,"name":"Immobilier : la flamb\u00e9e va-t-elle se calmer ?"}]},{"@type":"WebSite","@id":"https:\/\/www.bsgsi.be\/#website","url":"https:\/\/www.bsgsi.be\/","name":"BSGSI","description":"BS Gestion et Syndic Immobilier (Charleroi \/ Hainaut)","publisher":{"@id":"https:\/\/www.bsgsi.be\/#organization"},"potentialAction":[{"@type":"SearchAction","target":{"@type":"EntryPoint","urlTemplate":"https:\/\/www.bsgsi.be\/?s={search_term_string}"},"query-input":{"@type":"PropertyValueSpecification","valueRequired":true,"valueName":"search_term_string"}}],"inLanguage":"fr-FR"},{"@type":"Organization","@id":"https:\/\/www.bsgsi.be\/#organization","name":"BSGSI","url":"https:\/\/www.bsgsi.be\/","logo":{"@type":"ImageObject","inLanguage":"fr-FR","@id":"https:\/\/www.bsgsi.be\/#\/schema\/logo\/image\/","url":"","contentUrl":"","caption":"BSGSI"},"image":{"@id":"https:\/\/www.bsgsi.be\/#\/schema\/logo\/image\/"}},{"@type":"Person","@id":"https:\/\/www.bsgsi.be\/#\/schema\/person\/cb2d36bfc56b404e23265b0d3d9f4532","name":"bohyst","image":{"@type":"ImageObject","inLanguage":"fr-FR","@id":"https:\/\/secure.gravatar.com\/avatar\/17793df2f7528a9ea771488852c91245f037ee2fbf5d5caf8b6866fcac075373?s=96&d=mm&r=g","url":"https:\/\/secure.gravatar.com\/avatar\/17793df2f7528a9ea771488852c91245f037ee2fbf5d5caf8b6866fcac075373?s=96&d=mm&r=g","contentUrl":"https:\/\/secure.gravatar.com\/avatar\/17793df2f7528a9ea771488852c91245f037ee2fbf5d5caf8b6866fcac075373?s=96&d=mm&r=g","caption":"bohyst"}}]}},"_links":{"self":[{"href":"https:\/\/www.bsgsi.be\/index.php\/wp-json\/wp\/v2\/posts\/224","targetHints":{"allow":["GET"]}}],"collection":[{"href":"https:\/\/www.bsgsi.be\/index.php\/wp-json\/wp\/v2\/posts"}],"about":[{"href":"https:\/\/www.bsgsi.be\/index.php\/wp-json\/wp\/v2\/types\/post"}],"author":[{"embeddable":true,"href":"https:\/\/www.bsgsi.be\/index.php\/wp-json\/wp\/v2\/users\/1"}],"replies":[{"embeddable":true,"href":"https:\/\/www.bsgsi.be\/index.php\/wp-json\/wp\/v2\/comments?post=224"}],"version-history":[{"count":1,"href":"https:\/\/www.bsgsi.be\/index.php\/wp-json\/wp\/v2\/posts\/224\/revisions"}],"predecessor-version":[{"id":225,"href":"https:\/\/www.bsgsi.be\/index.php\/wp-json\/wp\/v2\/posts\/224\/revisions\/225"}],"wp:attachment":[{"href":"https:\/\/www.bsgsi.be\/index.php\/wp-json\/wp\/v2\/media?parent=224"}],"wp:term":[{"taxonomy":"category","embeddable":true,"href":"https:\/\/www.bsgsi.be\/index.php\/wp-json\/wp\/v2\/categories?post=224"},{"taxonomy":"post_tag","embeddable":true,"href":"https:\/\/www.bsgsi.be\/index.php\/wp-json\/wp\/v2\/tags?post=224"}],"curies":[{"name":"wp","href":"https:\/\/api.w.org\/{rel}","templated":true}]}}