{"id":264,"date":"2023-10-05T15:24:38","date_gmt":"2023-10-05T13:24:38","guid":{"rendered":"https:\/\/www.bsgsi.be\/?p=264"},"modified":"2023-10-05T15:24:39","modified_gmt":"2023-10-05T13:24:39","slug":"region-wallonne-installation-obligatoire-de-compteurs-individuels","status":"publish","type":"post","link":"https:\/\/www.bsgsi.be\/index.php\/2023\/10\/05\/region-wallonne-installation-obligatoire-de-compteurs-individuels\/","title":{"rendered":"R\u00e9gion wallonne : installation obligatoire de compteurs individuels"},"content":{"rendered":"\n<p>Depuis ao\u00fbt 2008, le placement en R\u00e9gion wallonne d\u2019un compteur individuel d\u2019\u00e9lectricit\u00e9 et le placement d\u2019un compteur individuel de gaz est obligatoire pour tout logement neuf ou faisant l\u2019objet de travaux de r\u00e9novation importants. Pour les immeubles \u00e0 appartements construits avant ao\u00fbt 2008 et n\u2019ayant pas fait l\u2019objet de tels travaux depuis, la l\u00e9gislation pr\u00e9voit une p\u00e9riode transitoire de mise en conformit\u00e9 pour la pose de compteurs individuels, cette p\u00e9riode venant \u00e0 \u00e9ch\u00e9ance le 31 d\u00e9cembre 2023.<br>\u00a0<br>D\u00e8s lors,<strong>\u00a0pour le 1<sup>er<\/sup>\u00a0janvier 2024, tous les logements devront \u00eatre \u00e9quip\u00e9s d\u2019un compteur individuel d\u2019\u00e9lectricit\u00e9 et selon les cas, d\u2019un compteur individuel de gaz.\u00a0<\/strong>Les propri\u00e9taires d\u2019immeubles \u00e0 appartements qui n\u2019en sont pas encore \u00e9quip\u00e9s ont l\u2019obligation d\u2019y faire placer, \u00e0 leurs frais, des compteurs individuels par le gestionnaire de r\u00e9seau de distribution.<br>\u00a0<br>Vous trouverez les principales modalit\u00e9s de cette obligation sur le\u00a0<a href=\"https:\/\/www.cwape.be\/node\/145\">site<\/a>\u00a0de la CWaPE (Commission wallonne pour l\u2019Energie).<\/p>\n","protected":false},"excerpt":{"rendered":"<p>Depuis ao\u00fbt 2008, le placement en R\u00e9gion wallonne d\u2019un compteur individuel d\u2019\u00e9lectricit\u00e9 et le placement d\u2019un compteur individuel de gaz est obligatoire pour tout logement neuf ou faisant l\u2019objet de travaux de r\u00e9novation importants. Pour les immeubles \u00e0 appartements construits avant ao\u00fbt 2008 et n\u2019ayant pas fait l\u2019objet de tels travaux depuis, la l\u00e9gislation pr\u00e9voit &hellip; <\/p>\n<p class=\"link-more\"><a href=\"https:\/\/www.bsgsi.be\/index.php\/2023\/10\/05\/region-wallonne-installation-obligatoire-de-compteurs-individuels\/\" class=\"more-link\">Continuer la lecture<span class=\"screen-reader-text\"> de &laquo;&nbsp;R\u00e9gion wallonne : installation obligatoire de compteurs individuels&nbsp;&raquo;<\/span><\/a><\/p>\n","protected":false},"author":1,"featured_media":0,"comment_status":"open","ping_status":"open","sticky":false,"template":"","format":"standard","meta":{"footnotes":""},"categories":[1],"tags":[],"class_list":["post-264","post","type-post","status-publish","format-standard","hentry","category-non-classe"],"yoast_head":"<!-- This site is optimized with the Yoast SEO plugin v27.5 - https:\/\/yoast.com\/product\/yoast-seo-wordpress\/ -->\n<title>R\u00e9gion wallonne : installation obligatoire de compteurs individuels - BSGSI<\/title>\n<meta name=\"robots\" content=\"index, follow, max-snippet:-1, max-image-preview:large, max-video-preview:-1\" \/>\n<link rel=\"canonical\" href=\"https:\/\/www.bsgsi.be\/index.php\/2023\/10\/05\/region-wallonne-installation-obligatoire-de-compteurs-individuels\/\" \/>\n<meta property=\"og:locale\" content=\"fr_FR\" \/>\n<meta property=\"og:type\" content=\"article\" \/>\n<meta property=\"og:title\" content=\"R\u00e9gion wallonne : installation obligatoire de compteurs individuels - BSGSI\" \/>\n<meta property=\"og:description\" content=\"Depuis ao\u00fbt 2008, le placement en R\u00e9gion wallonne d\u2019un compteur individuel d\u2019\u00e9lectricit\u00e9 et le placement d\u2019un compteur individuel de gaz est obligatoire pour tout logement neuf ou faisant l\u2019objet de travaux de r\u00e9novation importants. Pour les immeubles \u00e0 appartements construits avant ao\u00fbt 2008 et n\u2019ayant pas fait l\u2019objet de tels travaux depuis, la l\u00e9gislation pr\u00e9voit &hellip; Continuer la lecture de &laquo;&nbsp;R\u00e9gion wallonne : installation obligatoire de compteurs individuels&nbsp;&raquo;\" \/>\n<meta property=\"og:url\" content=\"https:\/\/www.bsgsi.be\/index.php\/2023\/10\/05\/region-wallonne-installation-obligatoire-de-compteurs-individuels\/\" \/>\n<meta property=\"og:site_name\" content=\"BSGSI\" \/>\n<meta property=\"article:published_time\" content=\"2023-10-05T13:24:38+00:00\" \/>\n<meta property=\"article:modified_time\" content=\"2023-10-05T13:24:39+00:00\" \/>\n<meta name=\"author\" content=\"bohyst\" \/>\n<meta name=\"twitter:card\" content=\"summary_large_image\" \/>\n<meta name=\"twitter:label1\" content=\"\u00c9crit par\" \/>\n\t<meta name=\"twitter:data1\" content=\"bohyst\" \/>\n\t<meta name=\"twitter:label2\" content=\"Dur\u00e9e de lecture estim\u00e9e\" \/>\n\t<meta name=\"twitter:data2\" content=\"1 minute\" \/>\n<script type=\"application\/ld+json\" class=\"yoast-schema-graph\">{\"@context\":\"https:\\\/\\\/schema.org\",\"@graph\":[{\"@type\":\"Article\",\"@id\":\"https:\\\/\\\/www.bsgsi.be\\\/index.php\\\/2023\\\/10\\\/05\\\/region-wallonne-installation-obligatoire-de-compteurs-individuels\\\/#article\",\"isPartOf\":{\"@id\":\"https:\\\/\\\/www.bsgsi.be\\\/index.php\\\/2023\\\/10\\\/05\\\/region-wallonne-installation-obligatoire-de-compteurs-individuels\\\/\"},\"author\":{\"name\":\"bohyst\",\"@id\":\"https:\\\/\\\/www.bsgsi.be\\\/#\\\/schema\\\/person\\\/cb2d36bfc56b404e23265b0d3d9f4532\"},\"headline\":\"R\u00e9gion wallonne : installation obligatoire de compteurs individuels\",\"datePublished\":\"2023-10-05T13:24:38+00:00\",\"dateModified\":\"2023-10-05T13:24:39+00:00\",\"mainEntityOfPage\":{\"@id\":\"https:\\\/\\\/www.bsgsi.be\\\/index.php\\\/2023\\\/10\\\/05\\\/region-wallonne-installation-obligatoire-de-compteurs-individuels\\\/\"},\"wordCount\":179,\"commentCount\":0,\"publisher\":{\"@id\":\"https:\\\/\\\/www.bsgsi.be\\\/#organization\"},\"inLanguage\":\"fr-FR\",\"potentialAction\":[{\"@type\":\"CommentAction\",\"name\":\"Comment\",\"target\":[\"https:\\\/\\\/www.bsgsi.be\\\/index.php\\\/2023\\\/10\\\/05\\\/region-wallonne-installation-obligatoire-de-compteurs-individuels\\\/#respond\"]}]},{\"@type\":\"WebPage\",\"@id\":\"https:\\\/\\\/www.bsgsi.be\\\/index.php\\\/2023\\\/10\\\/05\\\/region-wallonne-installation-obligatoire-de-compteurs-individuels\\\/\",\"url\":\"https:\\\/\\\/www.bsgsi.be\\\/index.php\\\/2023\\\/10\\\/05\\\/region-wallonne-installation-obligatoire-de-compteurs-individuels\\\/\",\"name\":\"R\u00e9gion wallonne : installation obligatoire de compteurs individuels - BSGSI\",\"isPartOf\":{\"@id\":\"https:\\\/\\\/www.bsgsi.be\\\/#website\"},\"datePublished\":\"2023-10-05T13:24:38+00:00\",\"dateModified\":\"2023-10-05T13:24:39+00:00\",\"breadcrumb\":{\"@id\":\"https:\\\/\\\/www.bsgsi.be\\\/index.php\\\/2023\\\/10\\\/05\\\/region-wallonne-installation-obligatoire-de-compteurs-individuels\\\/#breadcrumb\"},\"inLanguage\":\"fr-FR\",\"potentialAction\":[{\"@type\":\"ReadAction\",\"target\":[\"https:\\\/\\\/www.bsgsi.be\\\/index.php\\\/2023\\\/10\\\/05\\\/region-wallonne-installation-obligatoire-de-compteurs-individuels\\\/\"]}]},{\"@type\":\"BreadcrumbList\",\"@id\":\"https:\\\/\\\/www.bsgsi.be\\\/index.php\\\/2023\\\/10\\\/05\\\/region-wallonne-installation-obligatoire-de-compteurs-individuels\\\/#breadcrumb\",\"itemListElement\":[{\"@type\":\"ListItem\",\"position\":1,\"name\":\"Accueil\",\"item\":\"https:\\\/\\\/www.bsgsi.be\\\/\"},{\"@type\":\"ListItem\",\"position\":2,\"name\":\"R\u00e9gion wallonne : installation obligatoire de compteurs individuels\"}]},{\"@type\":\"WebSite\",\"@id\":\"https:\\\/\\\/www.bsgsi.be\\\/#website\",\"url\":\"https:\\\/\\\/www.bsgsi.be\\\/\",\"name\":\"BSGSI\",\"description\":\"BS Gestion et Syndic Immobilier (Charleroi \\\/ Hainaut)\",\"publisher\":{\"@id\":\"https:\\\/\\\/www.bsgsi.be\\\/#organization\"},\"potentialAction\":[{\"@type\":\"SearchAction\",\"target\":{\"@type\":\"EntryPoint\",\"urlTemplate\":\"https:\\\/\\\/www.bsgsi.be\\\/?s={search_term_string}\"},\"query-input\":{\"@type\":\"PropertyValueSpecification\",\"valueRequired\":true,\"valueName\":\"search_term_string\"}}],\"inLanguage\":\"fr-FR\"},{\"@type\":\"Organization\",\"@id\":\"https:\\\/\\\/www.bsgsi.be\\\/#organization\",\"name\":\"BSGSI\",\"url\":\"https:\\\/\\\/www.bsgsi.be\\\/\",\"logo\":{\"@type\":\"ImageObject\",\"inLanguage\":\"fr-FR\",\"@id\":\"https:\\\/\\\/www.bsgsi.be\\\/#\\\/schema\\\/logo\\\/image\\\/\",\"url\":\"\",\"contentUrl\":\"\",\"caption\":\"BSGSI\"},\"image\":{\"@id\":\"https:\\\/\\\/www.bsgsi.be\\\/#\\\/schema\\\/logo\\\/image\\\/\"}},{\"@type\":\"Person\",\"@id\":\"https:\\\/\\\/www.bsgsi.be\\\/#\\\/schema\\\/person\\\/cb2d36bfc56b404e23265b0d3d9f4532\",\"name\":\"bohyst\",\"image\":{\"@type\":\"ImageObject\",\"inLanguage\":\"fr-FR\",\"@id\":\"https:\\\/\\\/secure.gravatar.com\\\/avatar\\\/17793df2f7528a9ea771488852c91245f037ee2fbf5d5caf8b6866fcac075373?s=96&d=mm&r=g\",\"url\":\"https:\\\/\\\/secure.gravatar.com\\\/avatar\\\/17793df2f7528a9ea771488852c91245f037ee2fbf5d5caf8b6866fcac075373?s=96&d=mm&r=g\",\"contentUrl\":\"https:\\\/\\\/secure.gravatar.com\\\/avatar\\\/17793df2f7528a9ea771488852c91245f037ee2fbf5d5caf8b6866fcac075373?s=96&d=mm&r=g\",\"caption\":\"bohyst\"}}]}<\/script>\n<!-- \/ Yoast SEO plugin. -->","yoast_head_json":{"title":"R\u00e9gion wallonne : installation obligatoire de compteurs individuels - BSGSI","robots":{"index":"index","follow":"follow","max-snippet":"max-snippet:-1","max-image-preview":"max-image-preview:large","max-video-preview":"max-video-preview:-1"},"canonical":"https:\/\/www.bsgsi.be\/index.php\/2023\/10\/05\/region-wallonne-installation-obligatoire-de-compteurs-individuels\/","og_locale":"fr_FR","og_type":"article","og_title":"R\u00e9gion wallonne : installation obligatoire de compteurs individuels - BSGSI","og_description":"Depuis ao\u00fbt 2008, le placement en R\u00e9gion wallonne d\u2019un compteur individuel d\u2019\u00e9lectricit\u00e9 et le placement d\u2019un compteur individuel de gaz est obligatoire pour tout logement neuf ou faisant l\u2019objet de travaux de r\u00e9novation importants. Pour les immeubles \u00e0 appartements construits avant ao\u00fbt 2008 et n\u2019ayant pas fait l\u2019objet de tels travaux depuis, la l\u00e9gislation pr\u00e9voit &hellip; Continuer la lecture de &laquo;&nbsp;R\u00e9gion wallonne : installation obligatoire de compteurs individuels&nbsp;&raquo;","og_url":"https:\/\/www.bsgsi.be\/index.php\/2023\/10\/05\/region-wallonne-installation-obligatoire-de-compteurs-individuels\/","og_site_name":"BSGSI","article_published_time":"2023-10-05T13:24:38+00:00","article_modified_time":"2023-10-05T13:24:39+00:00","author":"bohyst","twitter_card":"summary_large_image","twitter_misc":{"\u00c9crit par":"bohyst","Dur\u00e9e de lecture estim\u00e9e":"1 minute"},"schema":{"@context":"https:\/\/schema.org","@graph":[{"@type":"Article","@id":"https:\/\/www.bsgsi.be\/index.php\/2023\/10\/05\/region-wallonne-installation-obligatoire-de-compteurs-individuels\/#article","isPartOf":{"@id":"https:\/\/www.bsgsi.be\/index.php\/2023\/10\/05\/region-wallonne-installation-obligatoire-de-compteurs-individuels\/"},"author":{"name":"bohyst","@id":"https:\/\/www.bsgsi.be\/#\/schema\/person\/cb2d36bfc56b404e23265b0d3d9f4532"},"headline":"R\u00e9gion wallonne : installation obligatoire de compteurs individuels","datePublished":"2023-10-05T13:24:38+00:00","dateModified":"2023-10-05T13:24:39+00:00","mainEntityOfPage":{"@id":"https:\/\/www.bsgsi.be\/index.php\/2023\/10\/05\/region-wallonne-installation-obligatoire-de-compteurs-individuels\/"},"wordCount":179,"commentCount":0,"publisher":{"@id":"https:\/\/www.bsgsi.be\/#organization"},"inLanguage":"fr-FR","potentialAction":[{"@type":"CommentAction","name":"Comment","target":["https:\/\/www.bsgsi.be\/index.php\/2023\/10\/05\/region-wallonne-installation-obligatoire-de-compteurs-individuels\/#respond"]}]},{"@type":"WebPage","@id":"https:\/\/www.bsgsi.be\/index.php\/2023\/10\/05\/region-wallonne-installation-obligatoire-de-compteurs-individuels\/","url":"https:\/\/www.bsgsi.be\/index.php\/2023\/10\/05\/region-wallonne-installation-obligatoire-de-compteurs-individuels\/","name":"R\u00e9gion wallonne : installation obligatoire de compteurs individuels - BSGSI","isPartOf":{"@id":"https:\/\/www.bsgsi.be\/#website"},"datePublished":"2023-10-05T13:24:38+00:00","dateModified":"2023-10-05T13:24:39+00:00","breadcrumb":{"@id":"https:\/\/www.bsgsi.be\/index.php\/2023\/10\/05\/region-wallonne-installation-obligatoire-de-compteurs-individuels\/#breadcrumb"},"inLanguage":"fr-FR","potentialAction":[{"@type":"ReadAction","target":["https:\/\/www.bsgsi.be\/index.php\/2023\/10\/05\/region-wallonne-installation-obligatoire-de-compteurs-individuels\/"]}]},{"@type":"BreadcrumbList","@id":"https:\/\/www.bsgsi.be\/index.php\/2023\/10\/05\/region-wallonne-installation-obligatoire-de-compteurs-individuels\/#breadcrumb","itemListElement":[{"@type":"ListItem","position":1,"name":"Accueil","item":"https:\/\/www.bsgsi.be\/"},{"@type":"ListItem","position":2,"name":"R\u00e9gion wallonne : installation obligatoire de compteurs individuels"}]},{"@type":"WebSite","@id":"https:\/\/www.bsgsi.be\/#website","url":"https:\/\/www.bsgsi.be\/","name":"BSGSI","description":"BS Gestion et Syndic Immobilier (Charleroi \/ Hainaut)","publisher":{"@id":"https:\/\/www.bsgsi.be\/#organization"},"potentialAction":[{"@type":"SearchAction","target":{"@type":"EntryPoint","urlTemplate":"https:\/\/www.bsgsi.be\/?s={search_term_string}"},"query-input":{"@type":"PropertyValueSpecification","valueRequired":true,"valueName":"search_term_string"}}],"inLanguage":"fr-FR"},{"@type":"Organization","@id":"https:\/\/www.bsgsi.be\/#organization","name":"BSGSI","url":"https:\/\/www.bsgsi.be\/","logo":{"@type":"ImageObject","inLanguage":"fr-FR","@id":"https:\/\/www.bsgsi.be\/#\/schema\/logo\/image\/","url":"","contentUrl":"","caption":"BSGSI"},"image":{"@id":"https:\/\/www.bsgsi.be\/#\/schema\/logo\/image\/"}},{"@type":"Person","@id":"https:\/\/www.bsgsi.be\/#\/schema\/person\/cb2d36bfc56b404e23265b0d3d9f4532","name":"bohyst","image":{"@type":"ImageObject","inLanguage":"fr-FR","@id":"https:\/\/secure.gravatar.com\/avatar\/17793df2f7528a9ea771488852c91245f037ee2fbf5d5caf8b6866fcac075373?s=96&d=mm&r=g","url":"https:\/\/secure.gravatar.com\/avatar\/17793df2f7528a9ea771488852c91245f037ee2fbf5d5caf8b6866fcac075373?s=96&d=mm&r=g","contentUrl":"https:\/\/secure.gravatar.com\/avatar\/17793df2f7528a9ea771488852c91245f037ee2fbf5d5caf8b6866fcac075373?s=96&d=mm&r=g","caption":"bohyst"}}]}},"_links":{"self":[{"href":"https:\/\/www.bsgsi.be\/index.php\/wp-json\/wp\/v2\/posts\/264","targetHints":{"allow":["GET"]}}],"collection":[{"href":"https:\/\/www.bsgsi.be\/index.php\/wp-json\/wp\/v2\/posts"}],"about":[{"href":"https:\/\/www.bsgsi.be\/index.php\/wp-json\/wp\/v2\/types\/post"}],"author":[{"embeddable":true,"href":"https:\/\/www.bsgsi.be\/index.php\/wp-json\/wp\/v2\/users\/1"}],"replies":[{"embeddable":true,"href":"https:\/\/www.bsgsi.be\/index.php\/wp-json\/wp\/v2\/comments?post=264"}],"version-history":[{"count":1,"href":"https:\/\/www.bsgsi.be\/index.php\/wp-json\/wp\/v2\/posts\/264\/revisions"}],"predecessor-version":[{"id":265,"href":"https:\/\/www.bsgsi.be\/index.php\/wp-json\/wp\/v2\/posts\/264\/revisions\/265"}],"wp:attachment":[{"href":"https:\/\/www.bsgsi.be\/index.php\/wp-json\/wp\/v2\/media?parent=264"}],"wp:term":[{"taxonomy":"category","embeddable":true,"href":"https:\/\/www.bsgsi.be\/index.php\/wp-json\/wp\/v2\/categories?post=264"},{"taxonomy":"post_tag","embeddable":true,"href":"https:\/\/www.bsgsi.be\/index.php\/wp-json\/wp\/v2\/tags?post=264"}],"curies":[{"name":"wp","href":"https:\/\/api.w.org\/{rel}","templated":true}]}}